{"id":1142,"date":"2024-07-03T17:10:04","date_gmt":"2024-07-03T16:10:04","guid":{"rendered":"https:\/\/www.orchesterverein-horrheim.de\/?p=1142"},"modified":"2024-07-03T17:10:05","modified_gmt":"2024-07-03T16:10:05","slug":"kelterfest-in-horrheim-am-21-und-22-juli-2024","status":"publish","type":"post","link":"https:\/\/www.orchesterverein-horrheim.de\/?p=1142","title":{"rendered":"Kelterfest in Horrheim am 21. und 22. Juli 2024"},"content":{"rendered":"\n<p><strong>Der Orchesterverein Horrheim l\u00e4dt herzlich zum traditionellen Kelterfest am 21. und 22. Juli ein.<\/strong> Auch in diesem Jahr erwartet die Besucher ein abwechslungsreiches Programm mit musikalischen Highlights und kulinarischen Gen\u00fcssen.<\/p>\n\n\n\n<div class=\"wp-block-media-text is-stacked-on-mobile is-style-default\"><figure class=\"wp-block-media-text__media\"><img fetchpriority=\"high\" decoding=\"async\" width=\"724\" height=\"1024\" src=\"https:\/\/www.orchesterverein-horrheim.de\/wp-content\/uploads\/2024\/07\/0-724x1024.jpg\" alt=\"\" class=\"wp-image-1143 size-full\" srcset=\"https:\/\/www.orchesterverein-horrheim.de\/wp-content\/uploads\/2024\/07\/0-724x1024.jpg 724w, https:\/\/www.orchesterverein-horrheim.de\/wp-content\/uploads\/2024\/07\/0-212x300.jpg 212w, https:\/\/www.orchesterverein-horrheim.de\/wp-content\/uploads\/2024\/07\/0-768x1087.jpg 768w, https:\/\/www.orchesterverein-horrheim.de\/wp-content\/uploads\/2024\/07\/0-1086x1536.jpg 1086w, https:\/\/www.orchesterverein-horrheim.de\/wp-content\/uploads\/2024\/07\/0-1448x2048.jpg 1448w, https:\/\/www.orchesterverein-horrheim.de\/wp-content\/uploads\/2024\/07\/0-665x941.jpg 665w, https:\/\/www.orchesterverein-horrheim.de\/wp-content\/uploads\/2024\/07\/0.jpg 1683w\" sizes=\"(max-width: 724px) 100vw, 724px\" \/><\/figure><div class=\"wp-block-media-text__content\">\n<p>Das Fest startet am Sonntag, den 21. Juli, mit der aktiven Kapelle des OVH und einem Intermezzo des MGV M\u00e4nnerchors ab 11:00 Uhr. Um 13:15 Uhr geht es weiter mit einem kurzen, aber klangvollen Auftritt der Bl\u00e4serklasse Ensingen-Horrheim. Die jungen Musiker werden die G\u00e4ste mit ihrem K\u00f6nnen begeistern.<\/p>\n<\/div><\/div>\n\n\n\n<p>Direkt im Anschluss, von 13:45 Uhr bis 17:00 Uhr, pr\u00e4sentieren die Jugendorchester aus Horrheim und Sersheim ihr gemeinsames Projekt. Diese Kooperation verspricht ein besonderes musikalisches Erlebnis und zeigt die beeindruckende Arbeit der Nachwuchsmusiker:innnen. Die jungen Talente haben sich intensiv auf diesen Auftritt vorbereitet und werden die G\u00e4ste mit abwechslungsreichen St\u00fccken unterhalten.<\/p>\n\n\n\n<p>Das Fest startet am Sonntag, den 21. Juli, mit der aktiven Kapelle des OVH und einem Intermezzo des MGV M\u00e4nnerchors ab 11:00 Uhr. Um 13:15 Uhr geht es weiter mit einem kurzen, aber klangvollen Auftritt der Bl\u00e4serklasse Ensingen-Horrheim. Die jungen Musiker werden die G\u00e4ste mit ihrem K\u00f6nnen begeistern.<\/p>\n\n\n\n<p>Direkt im Anschluss, von 13:45 Uhr bis 17:00 Uhr, pr\u00e4sentieren die Jugendorchester aus Horrheim und Sersheim ihr gemeinsames Projekt. Diese Kooperation verspricht ein besonderes musikalisches Erlebnis und zeigt die beeindruckende Arbeit der Nachwuchsmusiker:innnen. Die jungen Talente haben sich intensiv auf diesen Auftritt vorbereitet und werden die G\u00e4ste mit abwechslungsreichen St\u00fccken unterhalten.<\/p>\n\n\n\n<p>Ein besonderes Highlight des Sonntags ist der Auftritt von Didi und Friends um 19:00 Uhr. Wie schon im letzten Jahr wird die Band mit ihrer mitrei\u00dfenden Musik f\u00fcr gro\u00dfartige Stimmung sorgen und die Besucher:innen begeistern. Der Abend verspricht ein musikalisches Feuerwerk, das man nicht verpassen sollte.<\/p>\n\n\n\n<p>Auch am Montag, den 22. Juli, gibt es musikalische Darbietungen, die den Tag bereichern. Zum traditionellen Mittagstisch spielt die Seniorenkapelle aus Besigheim. Ab 12:00 Uhr gibt es das beliebte Schnitzel mit Kartoffelsalat oder Brot, das jedes Jahr gro\u00dfen Anklang findet. F\u00fcr alle G\u00e4ste, die gern in geselliger Runde den Mittag verbringen, ist dies der perfekte Zeitpunkt, das Fest zu besuchen.<\/p>\n\n\n\n<p>Zum Ausklang des Festes spielt die aktive Kapelle des Orchestervereins Horrheim am Montagabend bis 20:30 Uhr. Mit beschwingter Musik wird der Montagabend in gem\u00fctlicher Atmosph\u00e4re ausklingen, und das Fest findet seinen kr\u00f6nenden Abschluss.<\/p>\n\n\n\n<p><strong>Der Orchesterverein Horrheim freut sich auf zahlreiche Besucher und ein gelungenes Kelterfest 2024!<\/strong><\/p>\n","protected":false},"excerpt":{"rendered":"<p>Der Orchesterverein Horrheim l\u00e4dt herzlich zum traditionellen Kelterfest am 21. und 22. Juli ein. Auch in diesem Jahr erwartet die Besucher ein abwechslungsreiches Programm mit musikalischen Highlights und kulinarischen Gen\u00fcssen. Das Fest startet am Sonntag, den 21. Juli, mit der aktiven Kapelle des OVH und einem Intermezzo des MGV M\u00e4nnerchors ab 11:00 Uhr. Um 13:15 Uhr geht es\u2026 <span class=\"read-more\"><a href=\"https:\/\/www.orchesterverein-horrheim.de\/?p=1142\">Weiterlesen &raquo;<\/a><\/span><\/p>\n","protected":false},"author":7,"featured_media":0,"comment_status":"closed","ping_status":"closed","sticky":false,"template":"","format":"standard","meta":{"footnotes":""},"categories":[7,9,5],"tags":[78,16,90,92,57,32,91,50],"class_list":["post-1142","post","type-post","status-publish","format-standard","hentry","category-aktuelles","category-jugend","category-news","tag-78","tag-alter-kelter","tag-blaeserklasse","tag-ensingen","tag-horrheim","tag-jugend","tag-maennerchor","tag-sersheim"],"_links":{"self":[{"href":"https:\/\/www.orchesterverein-horrheim.de\/index.php?rest_route=\/wp\/v2\/posts\/1142","targetHints":{"allow":["GET"]}}],"collection":[{"href":"https:\/\/www.orchesterverein-horrheim.de\/index.php?rest_route=\/wp\/v2\/posts"}],"about":[{"href":"https:\/\/www.orchesterverein-horrheim.de\/index.php?rest_route=\/wp\/v2\/types\/post"}],"author":[{"embeddable":true,"href":"https:\/\/www.orchesterverein-horrheim.de\/index.php?rest_route=\/wp\/v2\/users\/7"}],"replies":[{"embeddable":true,"href":"https:\/\/www.orchesterverein-horrheim.de\/index.php?rest_route=%2Fwp%2Fv2%2Fcomments&post=1142"}],"version-history":[{"count":1,"href":"https:\/\/www.orchesterverein-horrheim.de\/index.php?rest_route=\/wp\/v2\/posts\/1142\/revisions"}],"predecessor-version":[{"id":1144,"href":"https:\/\/www.orchesterverein-horrheim.de\/index.php?rest_route=\/wp\/v2\/posts\/1142\/revisions\/1144"}],"wp:attachment":[{"href":"https:\/\/www.orchesterverein-horrheim.de\/index.php?rest_route=%2Fwp%2Fv2%2Fmedia&parent=1142"}],"wp:term":[{"taxonomy":"category","embeddable":true,"href":"https:\/\/www.orchesterverein-horrheim.de\/index.php?rest_route=%2Fwp%2Fv2%2Fcategories&post=1142"},{"taxonomy":"post_tag","embeddable":true,"href":"https:\/\/www.orchesterverein-horrheim.de\/index.php?rest_route=%2Fwp%2Fv2%2Ftags&post=1142"}],"curies":[{"name":"wp","href":"https:\/\/api.w.org\/{rel}","templated":true}]}}