{"id":696,"date":"2022-02-23T10:32:09","date_gmt":"2022-02-23T09:32:09","guid":{"rendered":"https:\/\/www.orchesterverein-horrheim.de\/?p=696"},"modified":"2022-02-23T10:32:11","modified_gmt":"2022-02-23T09:32:11","slug":"mitgliederversammlung-4","status":"publish","type":"post","link":"https:\/\/www.orchesterverein-horrheim.de\/?p=696","title":{"rendered":"Mitgliederversammlung"},"content":{"rendered":"\n<figure class=\"wp-block-image size-large\"><img fetchpriority=\"high\" decoding=\"async\" width=\"1024\" height=\"461\" src=\"https:\/\/www.orchesterverein-horrheim.de\/wp-content\/uploads\/2022\/02\/Zeitungsbild-1024x461.jpg\" alt=\"\" class=\"wp-image-695\" srcset=\"https:\/\/www.orchesterverein-horrheim.de\/wp-content\/uploads\/2022\/02\/Zeitungsbild-1024x461.jpg 1024w, https:\/\/www.orchesterverein-horrheim.de\/wp-content\/uploads\/2022\/02\/Zeitungsbild-300x135.jpg 300w, https:\/\/www.orchesterverein-horrheim.de\/wp-content\/uploads\/2022\/02\/Zeitungsbild-768x346.jpg 768w, https:\/\/www.orchesterverein-horrheim.de\/wp-content\/uploads\/2022\/02\/Zeitungsbild-1536x691.jpg 1536w, https:\/\/www.orchesterverein-horrheim.de\/wp-content\/uploads\/2022\/02\/Zeitungsbild-2048x922.jpg 2048w, https:\/\/www.orchesterverein-horrheim.de\/wp-content\/uploads\/2022\/02\/Zeitungsbild-665x299.jpg 665w\" sizes=\"(max-width: 1024px) 100vw, 1024px\" \/><figcaption>Bild: Der Vorsitzende Stefan Ertel begr\u00fc\u00dft die Mitglieder und Ehreng\u00e4ste<\/figcaption><\/figure>\n\n\n\n<p>\u201eIch m\u00f6chte Sie alle zur ordentlichen aber durchaus nicht normalen Mitgliederversammlung begr\u00fc\u00dfen,\u201c begann der erste Vorsitzende des Orchestervereins Horrheim, Stefan Ertel, seine Begr\u00fc\u00dfung. Um diese Versammlung zu erm\u00f6glichen, mussten umfangreiche Hygienema\u00dfnahmen definiert und eingehalten werden.<\/p>\n\n\n\n<p>In seinem R\u00fcckblick auf das vergangene Jahr, in welchem der Orchesterverein Horrheim sein 100-j\u00e4hriges Jubil\u00e4um erlebte, zeigte Stefan Ertel, wie dieses von Corona bestimmt gewesen war. So konnten die geplanten Jubil\u00e4umsveranstaltungen am Kelterfest und die Jubil\u00e4umsgala nicht stattfinden. Einzig am 3. Oktober konnte unter dem Titel \u201eErntedank trifft OVH\u201c zusammen mit der evangelischen Kirche in der neu gerichteten Alten Kelter eine Veranstaltung durchgef\u00fchrt werden, bei der erstmals die zum Jubil\u00e4um neu beschafften Uniformen der \u00d6ffentlichkeit vorgef\u00fchrt werden konnten. F\u00fcr das Aufrechterhalten eines Probenbetriebs sowie der Jugendausbildung musste gro\u00dfer Aufwand und viel M\u00fche f\u00fcr die sich nahezu monatlich \u00e4ndernden Corona-Vorgaben aufgewendet werden. \u201eBlicken wir [\u2026] heute mit positivem Blick nach vorne\u201c, schloss der erste Vorsitzende, \u201elassen wir die Corona-Lethargie hinter uns und ziehen wir gemeinsam an einem Strang [&#8230;], dass wieder Leben ins Dorf kommt.\u201c \u201eWir m\u00fcssen den Verein ja nicht ins Leben rufen, sondern wieder Gas geben.\u201c<\/p>\n\n\n\n<p>Die Jugendkapelle konnte ihre erste Probe nach dem Lockdown im vergangenen Jahr am 18. Juni durchf\u00fchren. Am 25. Juni fand das Probedirigat mit Fabian Kobza statt, welcher ab dem 1. September der neue Dirigent der Jugendkapelle wurde. Nach der Sommerpause konnten vier neue Musiker aus der Bl\u00e4serklasse in die Kapelle integriert werden. Trotz der letztj\u00e4hrigen Gesamtsituation konnten insgesamt drei Auftritte stattfinden: Neben dem bereits genannten Auftritt am 3. Oktober wurden ein Platzkonzert mit Laternenliedern Ende Oktober sowie Mitte November ein Jugendvorspiel durchgef\u00fchrt. Bei letztgenanntem konnten Anna Angermaier, Cosima Autenrieb, Charlotte Haba, Jonas Link und Jule Mrowetz, welche von Jannika Aisenbrey und Johanna Ockert vorbereitet worden waren, das Juniorabzeichens ablegen.<\/p>\n\n\n\n<p>Bei der musikalischen Ausbildung der Kinder und Jugendlichen war es m\u00f6glich, den wichtigen Einzelunterricht in digitaler Form weiterzuf\u00fchren. Ein wichtiger Meilenstein in Form einer Kooperation mit der Musikschule wurde Ende des Jahres durch Abschluss des Kooperationsvertrags mit der Stadt geschafft. Besonderer Dank gilt hier der Stadt Vaihingen f\u00fcr die Unterst\u00fctzung der Vereine.<\/p>\n\n\n\n<p>In der aktiven Kapelle war es je nach aktueller Corona-Verordnung mal mehr mal minder m\u00f6glich, den musikalischen Grundbetrieb zu gew\u00e4hrleisten. Eine gute Probenarbeit war unter den schie\u00dflichen 2G- \/ 2G+-Bedingungen nicht m\u00f6glich. Dennoch wurde am Heiligen Abend im Ort im kleineren Rahmen musiziert. Das etwas kleinere Orchester zog mit fr\u00f6hlichen musikalischen Weihnachtsgr\u00fc\u00dfen durch den Ort und spielte an verschiedenen Stellen. Dies war notwendig, um gr\u00f6\u00dfere Menschenansammlungen zu vermeiden. Wenn der Probebetrieb wieder normal m\u00f6glich ist, soll an die Zeiten von vor zwei Jahren angekn\u00fcpft werden. \u201eOrchesterverein macht nur gemeinsam Spa\u00df,\u201c so Manuel Klein, Leiter des Gesch\u00e4ftsbereichs Musik.<\/p>\n\n\n\n<p>Da die Jubil\u00e4umsgala auf Grund unzul\u00e4nglicher M\u00f6glichkeiten in der Vorbereitung nicht auf M\u00e4rz 2022 verschoben werden konnte, \u00fcbergab Oberb\u00fcrgermeister Gerd Maisch im Rahmen der Mitgliederversammlung das Jubil\u00e4umspr\u00e4sent der Stadt. In seiner Laudatio gab er sich \u201esehr zuversichtlich, dass das Leben in den Vereinen in den n\u00e4chsten Wochen\/Monaten wieder aufbl\u00fchen wird.\u201c Augenzwinkernd zu einem vorangegangenen Bericht, k\u00f6nne dann die Energie auf etwas anderes verwenden werden als auf Corona-Verordnungen. Der Oberb\u00fcrgermeister erkl\u00e4rte, dass die Vereinsf\u00f6rderrichtlinien 2022 in Kraft traten, namentlich bei der Jugendf\u00f6rderung und der Unterst\u00fctzung beim Unterhalt vereinseigener R\u00e4ume, denn \u201eLeben in der Stadt funktioniert nur mit guter Vereinslandschaft.\u201c \u00dcber die Geschichte des Orchestervereins sagte Gerd Maisch: \u201eDie Anfangsjahre waren sehr schwierig\u201c, nur wenige Jahre nach dem Kriegsende und dem Ausbruch der Spanischen Grippe, und kurz vor der Hyperinflation und des sp\u00e4teren 2. Weltkriegs. Die folgenden 70 Jahre Aufw\u00e4rtsbewegung habe der Verein genutzt, um eine feste Gr\u00f6\u00dfe im Ort zu werden. \u201eDanke f\u00fcr dieses Engagement.\u201c<\/p>\n\n\n\n<p>Bei den Wahlen wurde die Vorstandschaft, Stefan Ertel (1. Vorsitzender), Ingrid Gr\u00fcn (2. Vorsitzende), J\u00fcrgen Liedermann (Kassier), Timo Giese (stellv. Kassier), Anja Schmidt (Schriftf\u00fchrerin), Dr. Benjamino Formisano (stellv. Schriftf\u00fchrer), Heinrich Rau (stellv. Wirtschaftsausschuss), Karina Faigle (stellv. Jugendleiterin) und Matthias Kienle (Kassenpr\u00fcfer), im Amt best\u00e4tigt. Neue Beisitzerin wurde Melanie Mrowetz, zum Leiter bzw. zur stellvertretenden Leiterin des Gesch\u00e4ftsbereichs Musik waren von der aktiven Kapelle Manuel Klein und Kerstin Pfitzner gew\u00e4hlt worden.<\/p>\n\n\n\n<p>Die Ehrungen wurden vom Vertreter des Blasmusikverbands Baden-W\u00fcrttemberg, Michael Kunzer, durchgef\u00fchrt. Er hatte in der Vergangenheit bereits mehrfach bei der aktiven Kapelle unterst\u00fctzt. \u201eMan wird hier sehr herzlich aufgenommen.\u201c F\u00fcr zehn Jahre aktive T\u00e4tigkeit wurden Lena Angermaier und Nils Ruthe die BVBW-Ehrennadel in Bronze verliehen, Simon Rohde f\u00fcr 20 Jahre aktive T\u00e4tigkeit die Ehrennadel in Silber. Jens Link erhielt f\u00fcr 30 Jahre aktive T\u00e4tigkeit die BVBW-Ehrennadel in Gold mit Urkunde. Die BVBW-Ehrennadel in Gold mit Diamant und Ehrenbrief konnte f\u00fcr 40 Jahre aktive T\u00e4tigkeit an J\u00fcrgen Liedermann sowie f\u00fcr 50 Jahre aktive T\u00e4tigkeit an Stefan Ertel verliehen werden.<\/p>\n\n\n\n<p>F\u00fcr 30 Jahre f\u00f6rdernde T\u00e4tigkeit wurde Robert Ulrich die BVBW-Ehrennadel in Gold sowie die Vereins-Ehrennadel in Silber verliehen. F\u00fcr 40 Jahre f\u00f6rdernde T\u00e4tigkeit erhielten Dieter Anklam, Hans Brosi, Willi Faigle, Hilde Salzer, Gustav Werthwein sowie Guntram Zoller die BVBW-Ehrennadel in Gold mit Diamant und die Vereins-Ehrennadel in Gold. Mit der BVBW-Ehrennadel in Gold mit Diamant f\u00fcr 50 Jahre f\u00f6rdernde T\u00e4tigkeit wurden Gerd Schelling und Joachim Trinkl ausgezeichnet. Selbige Auszeichnung durfte auch an Edwin Collmer f\u00fcr ganze 70 Jahre f\u00f6rdernde T\u00e4tigkeit verliehen werden.<\/p>\n\n\n\n<p>Abschlie\u00dfend erhielten f\u00fcr ihre 15-j\u00e4hrige T\u00e4tigkeit in der Vorstandschaft Ingrid Gr\u00fcn und Bernd Widmann die F\u00f6rdermedaille in Silber mit Urkunde und Klein Elke f\u00fcr 25 Jahre T\u00e4tigkeit, einen guten Teil davon im Jugendbereich, die F\u00f6rdermedaille in Gold mit Diamant und Ehrenbrief.<\/p>\n\n\n\n<p><em>Der Orchesterverein Horrheim wurde im Jahr 1921 gegr\u00fcndet und im vergangenen Jahr 100 Jahre alt. Er besitzt Stand 1. Januar 2022 277 Mitglieder, darunter 87 aktive Musiker und sechs Ehrenmitglieder. Neben der aktiven Kapelle und der Jugendkapelle bietet der Verein ein breites Spektrum an musikalischer Kinder- und Jugendausbildung an.<\/em><\/p>\n\n\n\n<p><em>Der Orchesterverein kann das n\u00e4chsten Mal voraussichtlich bei seiner Bewirtung am Pfingstmarkt am 6. Juni und dem Gemeinschaftskonzert mit der Jugendkapelle des MV Sersheim unter dem Titel \u201eAufbruch\u201c am 23. Juli erlebt werden.<\/em><\/p>\n\n\n\n<p><\/p>\n","protected":false},"excerpt":{"rendered":"<p>\u201eIch m\u00f6chte Sie alle zur ordentlichen aber durchaus nicht normalen Mitgliederversammlung begr\u00fc\u00dfen,\u201c begann der erste Vorsitzende des Orchestervereins Horrheim, Stefan Ertel, seine Begr\u00fc\u00dfung. Um diese Versammlung zu erm\u00f6glichen, mussten umfangreiche Hygienema\u00dfnahmen definiert und eingehalten werden. In seinem R\u00fcckblick auf das vergangene Jahr, in welchem der Orchesterverein Horrheim sein 100-j\u00e4hriges Jubil\u00e4um erlebte, zeigte Stefan Ertel, wie dieses von Corona\u2026 <span class=\"read-more\"><a href=\"https:\/\/www.orchesterverein-horrheim.de\/?p=696\">Weiterlesen &raquo;<\/a><\/span><\/p>\n","protected":false},"author":7,"featured_media":0,"comment_status":"closed","ping_status":"closed","sticky":false,"template":"","format":"standard","meta":{"footnotes":""},"categories":[7,5],"tags":[11,44,43,13,45],"class_list":["post-696","post","type-post","status-publish","format-standard","hentry","category-aktuelles","category-news","tag-11","tag-ehrungen","tag-mitglieder","tag-mitgliederversammlung","tag-vorstand"],"_links":{"self":[{"href":"https:\/\/www.orchesterverein-horrheim.de\/index.php?rest_route=\/wp\/v2\/posts\/696","targetHints":{"allow":["GET"]}}],"collection":[{"href":"https:\/\/www.orchesterverein-horrheim.de\/index.php?rest_route=\/wp\/v2\/posts"}],"about":[{"href":"https:\/\/www.orchesterverein-horrheim.de\/index.php?rest_route=\/wp\/v2\/types\/post"}],"author":[{"embeddable":true,"href":"https:\/\/www.orchesterverein-horrheim.de\/index.php?rest_route=\/wp\/v2\/users\/7"}],"replies":[{"embeddable":true,"href":"https:\/\/www.orchesterverein-horrheim.de\/index.php?rest_route=%2Fwp%2Fv2%2Fcomments&post=696"}],"version-history":[{"count":1,"href":"https:\/\/www.orchesterverein-horrheim.de\/index.php?rest_route=\/wp\/v2\/posts\/696\/revisions"}],"predecessor-version":[{"id":697,"href":"https:\/\/www.orchesterverein-horrheim.de\/index.php?rest_route=\/wp\/v2\/posts\/696\/revisions\/697"}],"wp:attachment":[{"href":"https:\/\/www.orchesterverein-horrheim.de\/index.php?rest_route=%2Fwp%2Fv2%2Fmedia&parent=696"}],"wp:term":[{"taxonomy":"category","embeddable":true,"href":"https:\/\/www.orchesterverein-horrheim.de\/index.php?rest_route=%2Fwp%2Fv2%2Fcategories&post=696"},{"taxonomy":"post_tag","embeddable":true,"href":"https:\/\/www.orchesterverein-horrheim.de\/index.php?rest_route=%2Fwp%2Fv2%2Ftags&post=696"}],"curies":[{"name":"wp","href":"https:\/\/api.w.org\/{rel}","templated":true}]}}