{"id":784,"date":"2022-10-10T11:12:07","date_gmt":"2022-10-10T10:12:07","guid":{"rendered":"https:\/\/www.orchesterverein-horrheim.de\/?p=784"},"modified":"2022-10-10T11:12:09","modified_gmt":"2022-10-10T10:12:09","slug":"konzert-der-juka-in-der-stadthalle","status":"publish","type":"post","link":"https:\/\/www.orchesterverein-horrheim.de\/?p=784","title":{"rendered":"Konzert der Juka in der Stadthalle"},"content":{"rendered":"\n<p>Am vergangenen Wochenende wirkte das Projektorchester des OV Horrheim und MV Sersheim beim Chor- und Orchesterkonzert der Jugendmusikschule in Vaihingen mit.<br>Schon im Juli fand ein Gemeinschaftskonzert der beiden Musikvereine in der alten Kelter in Horrheim statt.\u00a0 &#8222;Gemeinsam sind wir stark&#8220; nahmen die jungen Musiker nochmals\u00a0 als Motto um in der Stadthalle gemeinsam zu Musizieren.<br>In nur zwei Proben wurden die Musikst\u00fccke aufgefrischt und verfeinert. Die Dirigenten Stefanie Foisel und Fabian Kobza leiteten die Musiker gekonnt durch &#8222;Jubilance&#8220;, &#8222;You&#8217;re Welcome&#8220; und &#8222;Journey in Concert&#8220;. Das anspruchsvollste St\u00fcck &#8220; &#8222;Star Wars: The force awakens&#8220; von John Williams machte den Musikern besonders Spa\u00df, was man in der ausdruckvollen spielweise deutlich h\u00f6ren konnte.<br>Ein gelungenes und stilvolles Konzert in der Stadthalle bleibt den Musikern bestimmt noch lange in Erinnerung. Vielen Dank an die Musikschule Vaihingen f\u00fcr die Einladung die die seit Januar bestehende Kooperation noch weiter vertieft hat.<\/p>\n\n\n\n<figure class=\"wp-block-gallery has-nested-images columns-default is-cropped wp-block-gallery-1 is-layout-flex wp-block-gallery-is-layout-flex\">\n<figure class=\"wp-block-image size-large\"><img fetchpriority=\"high\" decoding=\"async\" width=\"768\" height=\"1024\" data-id=\"786\" src=\"https:\/\/www.orchesterverein-horrheim.de\/wp-content\/uploads\/2022\/10\/WhatsApp-Image-2022-10-09-at-17.22.39-1-1-768x1024.jpeg\" alt=\"\" class=\"wp-image-786\" srcset=\"https:\/\/www.orchesterverein-horrheim.de\/wp-content\/uploads\/2022\/10\/WhatsApp-Image-2022-10-09-at-17.22.39-1-1-768x1024.jpeg 768w, https:\/\/www.orchesterverein-horrheim.de\/wp-content\/uploads\/2022\/10\/WhatsApp-Image-2022-10-09-at-17.22.39-1-1-225x300.jpeg 225w, https:\/\/www.orchesterverein-horrheim.de\/wp-content\/uploads\/2022\/10\/WhatsApp-Image-2022-10-09-at-17.22.39-1-1-1152x1536.jpeg 1152w, https:\/\/www.orchesterverein-horrheim.de\/wp-content\/uploads\/2022\/10\/WhatsApp-Image-2022-10-09-at-17.22.39-1-1-665x887.jpeg 665w, https:\/\/www.orchesterverein-horrheim.de\/wp-content\/uploads\/2022\/10\/WhatsApp-Image-2022-10-09-at-17.22.39-1-1.jpeg 1200w\" sizes=\"(max-width: 768px) 100vw, 768px\" \/><\/figure>\n\n\n\n<figure class=\"wp-block-image size-large\"><img decoding=\"async\" width=\"1024\" height=\"629\" data-id=\"787\" src=\"https:\/\/www.orchesterverein-horrheim.de\/wp-content\/uploads\/2022\/10\/WhatsApp-Image-2022-10-09-at-17.22.39-1024x629.jpeg\" alt=\"\" class=\"wp-image-787\" srcset=\"https:\/\/www.orchesterverein-horrheim.de\/wp-content\/uploads\/2022\/10\/WhatsApp-Image-2022-10-09-at-17.22.39-1024x629.jpeg 1024w, https:\/\/www.orchesterverein-horrheim.de\/wp-content\/uploads\/2022\/10\/WhatsApp-Image-2022-10-09-at-17.22.39-300x184.jpeg 300w, https:\/\/www.orchesterverein-horrheim.de\/wp-content\/uploads\/2022\/10\/WhatsApp-Image-2022-10-09-at-17.22.39-768x472.jpeg 768w, https:\/\/www.orchesterverein-horrheim.de\/wp-content\/uploads\/2022\/10\/WhatsApp-Image-2022-10-09-at-17.22.39-1536x944.jpeg 1536w, https:\/\/www.orchesterverein-horrheim.de\/wp-content\/uploads\/2022\/10\/WhatsApp-Image-2022-10-09-at-17.22.39-665x408.jpeg 665w, https:\/\/www.orchesterverein-horrheim.de\/wp-content\/uploads\/2022\/10\/WhatsApp-Image-2022-10-09-at-17.22.39.jpeg 2048w\" sizes=\"(max-width: 1024px) 100vw, 1024px\" \/><\/figure>\n<\/figure>\n","protected":false},"excerpt":{"rendered":"<p>Am vergangenen Wochenende wirkte das Projektorchester des OV Horrheim und MV Sersheim beim Chor- und Orchesterkonzert der Jugendmusikschule in Vaihingen mit.Schon im Juli fand ein Gemeinschaftskonzert der beiden Musikvereine in der alten Kelter in Horrheim statt.\u00a0 &#8222;Gemeinsam sind wir stark&#8220; nahmen die jungen Musiker nochmals\u00a0 als Motto um in der Stadthalle gemeinsam zu Musizieren.In nur zwei Proben wurden\u2026 <span class=\"read-more\"><a href=\"https:\/\/www.orchesterverein-horrheim.de\/?p=784\">Weiterlesen &raquo;<\/a><\/span><\/p>\n","protected":false},"author":7,"featured_media":0,"comment_status":"closed","ping_status":"closed","sticky":false,"template":"","format":"standard","meta":{"footnotes":""},"categories":[7,9,5],"tags":[12,32,51,48,53,52],"class_list":["post-784","post","type-post","status-publish","format-standard","hentry","category-aktuelles","category-jugend","category-news","tag-corona","tag-jugend","tag-juka","tag-konzert","tag-musikschule","tag-stadthalle"],"_links":{"self":[{"href":"https:\/\/www.orchesterverein-horrheim.de\/index.php?rest_route=\/wp\/v2\/posts\/784","targetHints":{"allow":["GET"]}}],"collection":[{"href":"https:\/\/www.orchesterverein-horrheim.de\/index.php?rest_route=\/wp\/v2\/posts"}],"about":[{"href":"https:\/\/www.orchesterverein-horrheim.de\/index.php?rest_route=\/wp\/v2\/types\/post"}],"author":[{"embeddable":true,"href":"https:\/\/www.orchesterverein-horrheim.de\/index.php?rest_route=\/wp\/v2\/users\/7"}],"replies":[{"embeddable":true,"href":"https:\/\/www.orchesterverein-horrheim.de\/index.php?rest_route=%2Fwp%2Fv2%2Fcomments&post=784"}],"version-history":[{"count":1,"href":"https:\/\/www.orchesterverein-horrheim.de\/index.php?rest_route=\/wp\/v2\/posts\/784\/revisions"}],"predecessor-version":[{"id":788,"href":"https:\/\/www.orchesterverein-horrheim.de\/index.php?rest_route=\/wp\/v2\/posts\/784\/revisions\/788"}],"wp:attachment":[{"href":"https:\/\/www.orchesterverein-horrheim.de\/index.php?rest_route=%2Fwp%2Fv2%2Fmedia&parent=784"}],"wp:term":[{"taxonomy":"category","embeddable":true,"href":"https:\/\/www.orchesterverein-horrheim.de\/index.php?rest_route=%2Fwp%2Fv2%2Fcategories&post=784"},{"taxonomy":"post_tag","embeddable":true,"href":"https:\/\/www.orchesterverein-horrheim.de\/index.php?rest_route=%2Fwp%2Fv2%2Ftags&post=784"}],"curies":[{"name":"wp","href":"https:\/\/api.w.org\/{rel}","templated":true}]}}